{"id":4661,"date":"2026-03-10T08:34:20","date_gmt":"2026-03-10T07:34:20","guid":{"rendered":"https:\/\/nergroup.org\/eslovenia-bulgaria-suiza-paises-bajos-el-recorrido-internacional-del-estilo-ner\/"},"modified":"2026-03-10T08:44:26","modified_gmt":"2026-03-10T07:44:26","slug":"eslovenia-bulgaria-suiza-paises-bajos-el-recorrido-internacional-del-estilo-ner","status":"publish","type":"post","link":"https:\/\/nergroup.org\/eu\/gaurkotasuna\/eslovenia-bulgaria-suiza-paises-bajos-el-recorrido-internacional-del-estilo-ner\/","title":{"rendered":"Eslovenia, Bulgaria, Suitza, Herbehereak&#8230; NER estiloaren nazioarteko ibilbidea"},"content":{"rendered":"\n<p><strong>Beste<\/strong> <strong>herrialde batzuetako erakundeetatik etorritako 140 pertsona inguruk bisitatu dute Ner Group 2022azgeroztik, auto kudeaketaruntz aurrera pausuak nola egin jakiteko zuzenean ikusi eta entzuteko<\/strong><\/p>\n\n\n\n<!--more-->\n\n\n\n<p>Zer egiturarekin funtzionatzen du erakunde autogestionatu batek? Antolaketa-aldaketa horrek enpresaren emaitza ekonomikoak murriztea ekar al dezake? Zenbateraino aplikatzen da gardentasuna eta zenbateraino partekatzen dira erabakiak erakundeko kide guztien artean?<\/p>\n\n\n\n<p>Azken lau urteetan, Eslovenia, Suitza, Bulgaria, Herbehereak, Estonia, Belgika, Hungaria eta Lituaniako 140 pertsona baino gehiagok bisitatu gaituzte, besteak beste, NER estiloa eta, zehazkiago, Ner Group, gertutik ezagutzeko.<\/p>\n\n\n\n<p>Jobs with no Boss eta Corporate Rebels erakundeen eskutik, egitura hierarkiko bertikaletatik autokudeaketarako trantsizioak dakarren erakunde aldaketak interes handia sortu du nazioarteko hainbat erakundetan. Bisita horien atzean hainbat alderdi daude: alde batetik, parte-hartzaile guztiek badakite sistema konbentzionalek gero eta pisu gutxiago dutela. Gazteek dinamika desberdinak bilatzen dituztela ikusi dute, konfiantza, inplikazioa eta parte-hartzea zeregin baten gauzatze hutsaren aurretik jartzen dituztenak, eta lana hilaren amaieran soldata soil bat baino zerbait gehiago dela pentsatzen dutenak.<\/p>\n\n\n\n<p>Eta bestetik, enpresek egiaztatu ahal izan dute, batez ere pandemiaren ondoren, ohiko antolaketa-ereduek ez dutela zertan mugiezinak izan, urrunean lan egin daitekeela eta lan-malgutasuna aplikatu eta, aldi berean, errendimenduari eta produktibitateari eutsi.<\/p>\n\n\n\n<p>Baina, zer jaso nahi dute Ner Group-eko erakundeak bisitatzen dituzten pertsonek? Erantzuna zabala eta, era berean, erraza da: esperientzia. Bertaratzen direnek zuzenean jakin nahi dute nolakoa den NER erakundeen benetako funtzionamendua; zenbait neurriren inplementazioari buruzko zalantzak argitu nahi dituzte; hierarkiarik gabeko gatazkei nola egiten dieten aurre jakin nahi dute; egiaztatu nahi dute emaitza ekonomikoak ez direla murrizten hobetu ezean; jakin nahi dute zenbateraino izan daitekeen gardena erakunde autogestionatu batean\u2026<\/p>\n\n\n\n<p>Azken batean, prozesu horien inguruko literatura hutsetik ihes egin nahi dute, zalantzak, hausnarketak eta esperientziak trukatzeko. Jakin nahi dute nola EBI, Estudio.k, Icaza, Inforyde, Indaero, Kimua, Lancor, Lejarreta, Royde, Trebeki, Talio, Gashor, Logos, Panelfisa, Zubiola eta Walter Packek egin duten bide hori, eta esperientziatik jakin nahi dute zer den ezaugarri horiek eraldatzeko prozesu bat. Funtsean, nola barneratu NER estilo.<\/p>\n","protected":false},"excerpt":{"rendered":"<p>Nazioarteko bisitak<\/p>\n","protected":false},"author":2,"featured_media":2286,"comment_status":"closed","ping_status":"closed","sticky":false,"template":"","format":"standard","meta":{"_acf_changed":false,"footnotes":""},"categories":[179,137],"tags":[135],"class_list":["post-4661","post","type-post","status-publish","format-standard","has-post-thumbnail","hentry","category-autokudeaketa-sistema","category-nazioartekotzea","tag-kudeaketa-eredua"],"acf":[],"yoast_head":"<!-- This site is optimized with the Yoast SEO plugin v27.0 - https:\/\/yoast.com\/product\/yoast-seo-wordpress\/ -->\n<title>Eslovenia, Bulgaria, Suitza, Herbehereak... NER estiloaren nazioarteko ibilbidea - Ner Group<\/title>\n<meta name=\"description\" content=\"M\u00e1s de 140 personas pertenecientes a organizaciones de diferentes pa\u00edses han visitado Ner Group para conocer c\u00f3mo funciona la autogesti\u00f3n\" \/>\n<meta name=\"robots\" content=\"index, follow, max-snippet:-1, max-image-preview:large, max-video-preview:-1\" \/>\n<link rel=\"canonical\" href=\"https:\/\/nergroup.org\/eu\/gaurkotasuna\/eslovenia-bulgaria-suiza-paises-bajos-el-recorrido-internacional-del-estilo-ner\/\" \/>\n<meta property=\"og:locale\" content=\"eu_ES\" \/>\n<meta property=\"og:type\" content=\"article\" \/>\n<meta property=\"og:title\" content=\"Eslovenia, Bulgaria, Suitza, Herbehereak... NER estiloaren nazioarteko ibilbidea - Ner Group\" \/>\n<meta property=\"og:description\" content=\"M\u00e1s de 140 personas pertenecientes a organizaciones de diferentes pa\u00edses han visitado Ner Group para conocer c\u00f3mo funciona la autogesti\u00f3n\" \/>\n<meta property=\"og:url\" content=\"https:\/\/nergroup.org\/eu\/gaurkotasuna\/eslovenia-bulgaria-suiza-paises-bajos-el-recorrido-internacional-del-estilo-ner\/\" \/>\n<meta property=\"og:site_name\" content=\"Ner Group\" \/>\n<meta property=\"article:published_time\" content=\"2026-03-10T07:34:20+00:00\" \/>\n<meta property=\"article:modified_time\" content=\"2026-03-10T07:44:26+00:00\" \/>\n<meta property=\"og:image\" content=\"https:\/\/nergroup.org\/wp-content\/uploads\/2024\/09\/Visita-a-Lancor.jpg\" \/>\n\t<meta property=\"og:image:width\" content=\"1200\" \/>\n\t<meta property=\"og:image:height\" content=\"1600\" \/>\n\t<meta property=\"og:image:type\" content=\"image\/jpeg\" \/>\n<meta name=\"author\" content=\"info\" \/>\n<meta name=\"twitter:card\" content=\"summary_large_image\" \/>\n<meta name=\"twitter:label1\" content=\"Written by\" \/>\n\t<meta name=\"twitter:data1\" content=\"info\" \/>\n\t<meta name=\"twitter:label2\" content=\"Est. reading time\" \/>\n\t<meta name=\"twitter:data2\" content=\"2 minutua\" \/>\n<script type=\"application\/ld+json\" class=\"yoast-schema-graph\">{\"@context\":\"https:\/\/schema.org\",\"@graph\":[{\"@type\":\"Article\",\"@id\":\"https:\/\/nergroup.org\/eu\/gaurkotasuna\/eslovenia-bulgaria-suiza-paises-bajos-el-recorrido-internacional-del-estilo-ner\/#article\",\"isPartOf\":{\"@id\":\"https:\/\/nergroup.org\/eu\/gaurkotasuna\/eslovenia-bulgaria-suiza-paises-bajos-el-recorrido-internacional-del-estilo-ner\/\"},\"author\":{\"name\":\"info\",\"@id\":\"https:\/\/nergroup.org\/eu\/#\/schema\/person\/942f87ec0268231cd3a2ce23a42a8d53\"},\"headline\":\"Eslovenia, Bulgaria, Suitza, Herbehereak&#8230; NER estiloaren nazioarteko ibilbidea\",\"datePublished\":\"2026-03-10T07:34:20+00:00\",\"dateModified\":\"2026-03-10T07:44:26+00:00\",\"mainEntityOfPage\":{\"@id\":\"https:\/\/nergroup.org\/eu\/gaurkotasuna\/eslovenia-bulgaria-suiza-paises-bajos-el-recorrido-internacional-del-estilo-ner\/\"},\"wordCount\":321,\"publisher\":{\"@id\":\"https:\/\/nergroup.org\/eu\/#organization\"},\"image\":{\"@id\":\"https:\/\/nergroup.org\/eu\/gaurkotasuna\/eslovenia-bulgaria-suiza-paises-bajos-el-recorrido-internacional-del-estilo-ner\/#primaryimage\"},\"thumbnailUrl\":\"https:\/\/nergroup.org\/wp-content\/uploads\/2024\/09\/Visita-a-Lancor.jpg\",\"keywords\":[\"kudeaketa eredua\"],\"articleSection\":[\"Autokudeaketa-sistema\",\"nazioartekotzea\"],\"inLanguage\":\"eu\"},{\"@type\":\"WebPage\",\"@id\":\"https:\/\/nergroup.org\/eu\/gaurkotasuna\/eslovenia-bulgaria-suiza-paises-bajos-el-recorrido-internacional-del-estilo-ner\/\",\"url\":\"https:\/\/nergroup.org\/eu\/gaurkotasuna\/eslovenia-bulgaria-suiza-paises-bajos-el-recorrido-internacional-del-estilo-ner\/\",\"name\":\"Eslovenia, Bulgaria, Suitza, Herbehereak... NER estiloaren nazioarteko ibilbidea - Ner Group\",\"isPartOf\":{\"@id\":\"https:\/\/nergroup.org\/eu\/#website\"},\"primaryImageOfPage\":{\"@id\":\"https:\/\/nergroup.org\/eu\/gaurkotasuna\/eslovenia-bulgaria-suiza-paises-bajos-el-recorrido-internacional-del-estilo-ner\/#primaryimage\"},\"image\":{\"@id\":\"https:\/\/nergroup.org\/eu\/gaurkotasuna\/eslovenia-bulgaria-suiza-paises-bajos-el-recorrido-internacional-del-estilo-ner\/#primaryimage\"},\"thumbnailUrl\":\"https:\/\/nergroup.org\/wp-content\/uploads\/2024\/09\/Visita-a-Lancor.jpg\",\"datePublished\":\"2026-03-10T07:34:20+00:00\",\"dateModified\":\"2026-03-10T07:44:26+00:00\",\"description\":\"M\u00e1s de 140 personas pertenecientes a organizaciones de diferentes pa\u00edses han visitado Ner Group para conocer c\u00f3mo funciona la autogesti\u00f3n\",\"breadcrumb\":{\"@id\":\"https:\/\/nergroup.org\/eu\/gaurkotasuna\/eslovenia-bulgaria-suiza-paises-bajos-el-recorrido-internacional-del-estilo-ner\/#breadcrumb\"},\"inLanguage\":\"eu\",\"potentialAction\":[{\"@type\":\"ReadAction\",\"target\":[\"https:\/\/nergroup.org\/eu\/gaurkotasuna\/eslovenia-bulgaria-suiza-paises-bajos-el-recorrido-internacional-del-estilo-ner\/\"]}]},{\"@type\":\"ImageObject\",\"inLanguage\":\"eu\",\"@id\":\"https:\/\/nergroup.org\/eu\/gaurkotasuna\/eslovenia-bulgaria-suiza-paises-bajos-el-recorrido-internacional-del-estilo-ner\/#primaryimage\",\"url\":\"https:\/\/nergroup.org\/wp-content\/uploads\/2024\/09\/Visita-a-Lancor.jpg\",\"contentUrl\":\"https:\/\/nergroup.org\/wp-content\/uploads\/2024\/09\/Visita-a-Lancor.jpg\",\"width\":1200,\"height\":1600},{\"@type\":\"BreadcrumbList\",\"@id\":\"https:\/\/nergroup.org\/eu\/gaurkotasuna\/eslovenia-bulgaria-suiza-paises-bajos-el-recorrido-internacional-del-estilo-ner\/#breadcrumb\",\"itemListElement\":[{\"@type\":\"ListItem\",\"position\":1,\"name\":\"Portada\",\"item\":\"https:\/\/nergroup.org\/eu\/\"},{\"@type\":\"ListItem\",\"position\":2,\"name\":\"Eslovenia, Bulgaria, Suitza, Herbehereak&#8230; NER estiloaren nazioarteko ibilbidea\"}]},{\"@type\":\"WebSite\",\"@id\":\"https:\/\/nergroup.org\/eu\/#website\",\"url\":\"https:\/\/nergroup.org\/eu\/\",\"name\":\"Ner Group\",\"description\":\"Nuevo Estilo de Relaciones\",\"publisher\":{\"@id\":\"https:\/\/nergroup.org\/eu\/#organization\"},\"potentialAction\":[{\"@type\":\"SearchAction\",\"target\":{\"@type\":\"EntryPoint\",\"urlTemplate\":\"https:\/\/nergroup.org\/eu\/?s={search_term_string}\"},\"query-input\":{\"@type\":\"PropertyValueSpecification\",\"valueRequired\":true,\"valueName\":\"search_term_string\"}}],\"inLanguage\":\"eu\"},{\"@type\":\"Organization\",\"@id\":\"https:\/\/nergroup.org\/eu\/#organization\",\"name\":\"Ner Group\",\"url\":\"https:\/\/nergroup.org\/eu\/\",\"logo\":{\"@type\":\"ImageObject\",\"inLanguage\":\"eu\",\"@id\":\"https:\/\/nergroup.org\/eu\/#\/schema\/logo\/image\/\",\"url\":\"https:\/\/nergroup.org\/wp-content\/uploads\/2023\/11\/nergroup-logo.png\",\"contentUrl\":\"https:\/\/nergroup.org\/wp-content\/uploads\/2023\/11\/nergroup-logo.png\",\"width\":933,\"height\":178,\"caption\":\"Ner Group\"},\"image\":{\"@id\":\"https:\/\/nergroup.org\/eu\/#\/schema\/logo\/image\/\"},\"sameAs\":[\"https:\/\/www.linkedin.com\/company\/nergroup\/\",\"https:\/\/www.youtube.com\/@nergroup\"]},{\"@type\":\"Person\",\"@id\":\"https:\/\/nergroup.org\/eu\/#\/schema\/person\/942f87ec0268231cd3a2ce23a42a8d53\",\"name\":\"info\"}]}<\/script>\n<!-- \/ Yoast SEO plugin. -->","yoast_head_json":{"title":"Eslovenia, Bulgaria, Suitza, Herbehereak... NER estiloaren nazioarteko ibilbidea - Ner Group","description":"M\u00e1s de 140 personas pertenecientes a organizaciones de diferentes pa\u00edses han visitado Ner Group para conocer c\u00f3mo funciona la autogesti\u00f3n","robots":{"index":"index","follow":"follow","max-snippet":"max-snippet:-1","max-image-preview":"max-image-preview:large","max-video-preview":"max-video-preview:-1"},"canonical":"https:\/\/nergroup.org\/eu\/gaurkotasuna\/eslovenia-bulgaria-suiza-paises-bajos-el-recorrido-internacional-del-estilo-ner\/","og_locale":"eu_ES","og_type":"article","og_title":"Eslovenia, Bulgaria, Suitza, Herbehereak... NER estiloaren nazioarteko ibilbidea - Ner Group","og_description":"M\u00e1s de 140 personas pertenecientes a organizaciones de diferentes pa\u00edses han visitado Ner Group para conocer c\u00f3mo funciona la autogesti\u00f3n","og_url":"https:\/\/nergroup.org\/eu\/gaurkotasuna\/eslovenia-bulgaria-suiza-paises-bajos-el-recorrido-internacional-del-estilo-ner\/","og_site_name":"Ner Group","article_published_time":"2026-03-10T07:34:20+00:00","article_modified_time":"2026-03-10T07:44:26+00:00","og_image":[{"width":1200,"height":1600,"url":"https:\/\/nergroup.org\/wp-content\/uploads\/2024\/09\/Visita-a-Lancor.jpg","type":"image\/jpeg"}],"author":"info","twitter_card":"summary_large_image","twitter_misc":{"Written by":"info","Est. reading time":"2 minutua"},"schema":{"@context":"https:\/\/schema.org","@graph":[{"@type":"Article","@id":"https:\/\/nergroup.org\/eu\/gaurkotasuna\/eslovenia-bulgaria-suiza-paises-bajos-el-recorrido-internacional-del-estilo-ner\/#article","isPartOf":{"@id":"https:\/\/nergroup.org\/eu\/gaurkotasuna\/eslovenia-bulgaria-suiza-paises-bajos-el-recorrido-internacional-del-estilo-ner\/"},"author":{"name":"info","@id":"https:\/\/nergroup.org\/eu\/#\/schema\/person\/942f87ec0268231cd3a2ce23a42a8d53"},"headline":"Eslovenia, Bulgaria, Suitza, Herbehereak&#8230; NER estiloaren nazioarteko ibilbidea","datePublished":"2026-03-10T07:34:20+00:00","dateModified":"2026-03-10T07:44:26+00:00","mainEntityOfPage":{"@id":"https:\/\/nergroup.org\/eu\/gaurkotasuna\/eslovenia-bulgaria-suiza-paises-bajos-el-recorrido-internacional-del-estilo-ner\/"},"wordCount":321,"publisher":{"@id":"https:\/\/nergroup.org\/eu\/#organization"},"image":{"@id":"https:\/\/nergroup.org\/eu\/gaurkotasuna\/eslovenia-bulgaria-suiza-paises-bajos-el-recorrido-internacional-del-estilo-ner\/#primaryimage"},"thumbnailUrl":"https:\/\/nergroup.org\/wp-content\/uploads\/2024\/09\/Visita-a-Lancor.jpg","keywords":["kudeaketa eredua"],"articleSection":["Autokudeaketa-sistema","nazioartekotzea"],"inLanguage":"eu"},{"@type":"WebPage","@id":"https:\/\/nergroup.org\/eu\/gaurkotasuna\/eslovenia-bulgaria-suiza-paises-bajos-el-recorrido-internacional-del-estilo-ner\/","url":"https:\/\/nergroup.org\/eu\/gaurkotasuna\/eslovenia-bulgaria-suiza-paises-bajos-el-recorrido-internacional-del-estilo-ner\/","name":"Eslovenia, Bulgaria, Suitza, Herbehereak... NER estiloaren nazioarteko ibilbidea - Ner Group","isPartOf":{"@id":"https:\/\/nergroup.org\/eu\/#website"},"primaryImageOfPage":{"@id":"https:\/\/nergroup.org\/eu\/gaurkotasuna\/eslovenia-bulgaria-suiza-paises-bajos-el-recorrido-internacional-del-estilo-ner\/#primaryimage"},"image":{"@id":"https:\/\/nergroup.org\/eu\/gaurkotasuna\/eslovenia-bulgaria-suiza-paises-bajos-el-recorrido-internacional-del-estilo-ner\/#primaryimage"},"thumbnailUrl":"https:\/\/nergroup.org\/wp-content\/uploads\/2024\/09\/Visita-a-Lancor.jpg","datePublished":"2026-03-10T07:34:20+00:00","dateModified":"2026-03-10T07:44:26+00:00","description":"M\u00e1s de 140 personas pertenecientes a organizaciones de diferentes pa\u00edses han visitado Ner Group para conocer c\u00f3mo funciona la autogesti\u00f3n","breadcrumb":{"@id":"https:\/\/nergroup.org\/eu\/gaurkotasuna\/eslovenia-bulgaria-suiza-paises-bajos-el-recorrido-internacional-del-estilo-ner\/#breadcrumb"},"inLanguage":"eu","potentialAction":[{"@type":"ReadAction","target":["https:\/\/nergroup.org\/eu\/gaurkotasuna\/eslovenia-bulgaria-suiza-paises-bajos-el-recorrido-internacional-del-estilo-ner\/"]}]},{"@type":"ImageObject","inLanguage":"eu","@id":"https:\/\/nergroup.org\/eu\/gaurkotasuna\/eslovenia-bulgaria-suiza-paises-bajos-el-recorrido-internacional-del-estilo-ner\/#primaryimage","url":"https:\/\/nergroup.org\/wp-content\/uploads\/2024\/09\/Visita-a-Lancor.jpg","contentUrl":"https:\/\/nergroup.org\/wp-content\/uploads\/2024\/09\/Visita-a-Lancor.jpg","width":1200,"height":1600},{"@type":"BreadcrumbList","@id":"https:\/\/nergroup.org\/eu\/gaurkotasuna\/eslovenia-bulgaria-suiza-paises-bajos-el-recorrido-internacional-del-estilo-ner\/#breadcrumb","itemListElement":[{"@type":"ListItem","position":1,"name":"Portada","item":"https:\/\/nergroup.org\/eu\/"},{"@type":"ListItem","position":2,"name":"Eslovenia, Bulgaria, Suitza, Herbehereak&#8230; NER estiloaren nazioarteko ibilbidea"}]},{"@type":"WebSite","@id":"https:\/\/nergroup.org\/eu\/#website","url":"https:\/\/nergroup.org\/eu\/","name":"Ner Group","description":"Nuevo Estilo de Relaciones","publisher":{"@id":"https:\/\/nergroup.org\/eu\/#organization"},"potentialAction":[{"@type":"SearchAction","target":{"@type":"EntryPoint","urlTemplate":"https:\/\/nergroup.org\/eu\/?s={search_term_string}"},"query-input":{"@type":"PropertyValueSpecification","valueRequired":true,"valueName":"search_term_string"}}],"inLanguage":"eu"},{"@type":"Organization","@id":"https:\/\/nergroup.org\/eu\/#organization","name":"Ner Group","url":"https:\/\/nergroup.org\/eu\/","logo":{"@type":"ImageObject","inLanguage":"eu","@id":"https:\/\/nergroup.org\/eu\/#\/schema\/logo\/image\/","url":"https:\/\/nergroup.org\/wp-content\/uploads\/2023\/11\/nergroup-logo.png","contentUrl":"https:\/\/nergroup.org\/wp-content\/uploads\/2023\/11\/nergroup-logo.png","width":933,"height":178,"caption":"Ner Group"},"image":{"@id":"https:\/\/nergroup.org\/eu\/#\/schema\/logo\/image\/"},"sameAs":["https:\/\/www.linkedin.com\/company\/nergroup\/","https:\/\/www.youtube.com\/@nergroup"]},{"@type":"Person","@id":"https:\/\/nergroup.org\/eu\/#\/schema\/person\/942f87ec0268231cd3a2ce23a42a8d53","name":"info"}]}},"_links":{"self":[{"href":"https:\/\/nergroup.org\/eu\/wp-json\/wp\/v2\/posts\/4661","targetHints":{"allow":["GET"]}}],"collection":[{"href":"https:\/\/nergroup.org\/eu\/wp-json\/wp\/v2\/posts"}],"about":[{"href":"https:\/\/nergroup.org\/eu\/wp-json\/wp\/v2\/types\/post"}],"author":[{"embeddable":true,"href":"https:\/\/nergroup.org\/eu\/wp-json\/wp\/v2\/users\/2"}],"replies":[{"embeddable":true,"href":"https:\/\/nergroup.org\/eu\/wp-json\/wp\/v2\/comments?post=4661"}],"version-history":[{"count":3,"href":"https:\/\/nergroup.org\/eu\/wp-json\/wp\/v2\/posts\/4661\/revisions"}],"predecessor-version":[{"id":4667,"href":"https:\/\/nergroup.org\/eu\/wp-json\/wp\/v2\/posts\/4661\/revisions\/4667"}],"wp:featuredmedia":[{"embeddable":true,"href":"https:\/\/nergroup.org\/eu\/wp-json\/wp\/v2\/media\/2286"}],"wp:attachment":[{"href":"https:\/\/nergroup.org\/eu\/wp-json\/wp\/v2\/media?parent=4661"}],"wp:term":[{"taxonomy":"category","embeddable":true,"href":"https:\/\/nergroup.org\/eu\/wp-json\/wp\/v2\/categories?post=4661"},{"taxonomy":"post_tag","embeddable":true,"href":"https:\/\/nergroup.org\/eu\/wp-json\/wp\/v2\/tags?post=4661"}],"curies":[{"name":"wp","href":"https:\/\/api.w.org\/{rel}","templated":true}]}}